{"id":2138,"date":"2021-06-07T22:23:36","date_gmt":"2021-06-07T19:23:36","guid":{"rendered":"https:\/\/abi-solar.com\/abi-solar-na-sef-2019-w-kijowie\/"},"modified":"2021-06-07T23:08:48","modified_gmt":"2021-06-07T20:08:48","slug":"abi-solar-na-sef-2019-w-kijowie","status":"publish","type":"post","link":"https:\/\/abi-solar.com\/pl\/abi-solar-na-sef-2019-w-kijowie\/","title":{"rendered":"ABi-Solar na SEF 2019 w Kijowie"},"content":{"rendered":"<header class=\"entry-header\">\n<hr class=\"featurette-divider __before_content\">\n<\/header>\n<section class=\"entry-content \"><img decoding=\"async\" loading=\"lazy\" class=\"aligncenter size-large wp-image-72827\" src=\"https:\/\/abi-solar.com\/wp-content\/uploads\/2019\/10\/ABI-SOLAR-1024x723.jpg\" sizes=\"(max-width: 1024px) 100vw, 1024px\" srcset=\"https:\/\/abi-solar.com\/wp-content\/uploads\/2019\/10\/ABI-SOLAR-1024x723.jpg 1024w, https:\/\/abi-solar.com\/wp-content\/uploads\/2019\/10\/ABI-SOLAR-300x212.jpg 300w, https:\/\/abi-solar.com\/wp-content\/uploads\/2019\/10\/ABI-SOLAR-768x542.jpg 768w, https:\/\/abi-solar.com\/wp-content\/uploads\/2019\/10\/ABI-SOLAR.jpg 1486w\" alt=\"ABi-Solar na SEF 2019 w Kijowie\" width=\"1024\" height=\"723\">ABI-Solar zaprasza na 11. wystawie zr\u00f3wnowa\u017conego sektora energetycznego <a href=\"https:\/\/ua.sefkyiv.com\/\" target=\"_blank\" rel=\"noopener noreferrer\">SEF 2019<\/a> w Kijowie, Ukraina.<\/p>\n<p>Znajd\u017a nas w dniach 17\u201318 pa\u017adziernika na naszym stoisku nr C10 w przestrzeni wystawienniczej \u201eM82\u201d, Kij\u00f3w, vul. Mezhigirskaya, 82.<\/p>\n<\/section>\n","protected":false},"excerpt":{"rendered":"<p>ABI-Solar zaprasza na 11. wystawie zr\u00f3wnowa\u017conego sektora energetycznego SEF 2019 w Kijowie, Ukraina. Znajd\u017a nas w dniach 17\u201318 pa\u017adziernika na naszym stoisku nr C10 w przestrzeni wystawienniczej \u201eM82\u201d, Kij\u00f3w, vul.&hellip;<\/p>\n","protected":false},"author":990002,"featured_media":2261,"comment_status":"open","ping_status":"open","sticky":false,"template":"","format":"standard","meta":{"_themeisle_gutenberg_block_has_review":false},"categories":[63],"tags":[],"_links":{"self":[{"href":"https:\/\/abi-solar.com\/pl\/wp-json\/wp\/v2\/posts\/2138"}],"collection":[{"href":"https:\/\/abi-solar.com\/pl\/wp-json\/wp\/v2\/posts"}],"about":[{"href":"https:\/\/abi-solar.com\/pl\/wp-json\/wp\/v2\/types\/post"}],"author":[{"embeddable":true,"href":"https:\/\/abi-solar.com\/pl\/wp-json\/wp\/v2\/users\/990002"}],"replies":[{"embeddable":true,"href":"https:\/\/abi-solar.com\/pl\/wp-json\/wp\/v2\/comments?post=2138"}],"version-history":[{"count":0,"href":"https:\/\/abi-solar.com\/pl\/wp-json\/wp\/v2\/posts\/2138\/revisions"}],"wp:featuredmedia":[{"embeddable":true,"href":"https:\/\/abi-solar.com\/pl\/wp-json\/wp\/v2\/media\/2261"}],"wp:attachment":[{"href":"https:\/\/abi-solar.com\/pl\/wp-json\/wp\/v2\/media?parent=2138"}],"wp:term":[{"taxonomy":"category","embeddable":true,"href":"https:\/\/abi-solar.com\/pl\/wp-json\/wp\/v2\/categories?post=2138"},{"taxonomy":"post_tag","embeddable":true,"href":"https:\/\/abi-solar.com\/pl\/wp-json\/wp\/v2\/tags?post=2138"}],"curies":[{"name":"wp","href":"https:\/\/api.w.org\/{rel}","templated":true}]}}